[{"@context":"https:\/\/schema.org\/","@type":"Article","@id":"https:\/\/www.vitrageart.cz\/stal-se-z-vas-hrdy-tatinek\/#Article","mainEntityOfPage":"https:\/\/www.vitrageart.cz\/stal-se-z-vas-hrdy-tatinek\/","headline":"Stal se z v\u00e1s hrd\u00fd tat\u00ednek?","name":"Stal se z v\u00e1s hrd\u00fd tat\u00ednek?","description":"Narodila se v\u00e1m kr\u00e1sn\u00e1 hol\u010di\u010dka? K jej\u00ed kr\u00e1se bude pat\u0159it i kr\u00e1sn\u00fd d\u00e1rek, a vy jako jej\u00ed tat\u00ednek budete pro dcerku t\u00edm prvn\u00edm mu\u017eem, kter\u00fd j\u00ed obdaruje. Vhodn\u00fdm d\u00e1rkem jsou d\u011btsk\u00e9 n\u00e1u\u0161nice, kter\u00e9 hol\u010di\u010dk\u00e1m moc slu\u0161\u00ed a potvrzuj\u00ed jejich kr\u00e1su a \u017eenskost u\u017e odmalinka. Rovnou m\u016f\u017eete kr\u00e1sn\u00fdm \u0161perkem obdarovat i jej\u00ed maminku a pod\u011bkovat j\u00ed za tak \u00fa\u017easn\u00fd a kr\u00e1sn\u00fd dar, kter\u00fd v\u00e1m p\u0159ivedla na sv\u011bt. \u0160t\u011bst\u00ed, kter\u00e9 si zaslou\u017e\u00ed d\u00e1rek V \u017eivot\u011b je mnoho \u0161\u0165astn\u00fdch dn\u016f, kter\u00e9 n\u00e1m zp\u016fsob\u00ed radost a slzy \u0161t\u011bst\u00ed. Ale t\u00edm nej\u0161\u0165astn\u011bj\u0161\u00edm je narozen\u00ed d\u00edt\u011bte. A jak\u00e1 to je teprve radost, kdy\u017e se v\u00e1m narod\u00ed kr\u00e1sn\u00e1 a zdrav\u00e1 hol\u010di\u010dka. Tat\u00ednkov\u00e9 maj\u00ed okam\u017eit\u011b pocit, \u017ee j\u00ed mus\u00ed chr\u00e1nit. Tak k\u0159ehk\u00fd uzl\u00ed\u010dek \u0161t\u011bst\u00ed je vhodn\u00e9 okam\u017eit\u011b obdarovat a tat\u00ednek by m\u011bl dce\u0159i koupit d\u011btsk\u00e9 n\u00e1u\u0161nice. Zlat\u00e9 nebo st\u0159\u00edbrn\u00e9 i s barevn\u00fdm kam\u00ednkem, kter\u00e9 budou nav\u017edy p\u0159ipom\u00ednat tento &hellip; <a href=\"https:\/\/www.vitrageart.cz\/stal-se-z-vas-hrdy-tatinek\/\">Continue reading <span class=\"meta-nav\">&raquo;<\/span><\/a>","datePublished":"2025-02-02","dateModified":"2025-02-02","author":{"@type":"Person","@id":"https:\/\/www.vitrageart.cz\/author\/#Person","name":"","url":"https:\/\/www.vitrageart.cz\/author\/","identifier":1,"image":{"@type":"ImageObject","@id":"https:\/\/secure.gravatar.com\/avatar\/c192bfd1262e8256fe3eac43754b6ece89624ea6667e488d9445cc2d04372644?s=96&d=mm&r=g","url":"https:\/\/secure.gravatar.com\/avatar\/c192bfd1262e8256fe3eac43754b6ece89624ea6667e488d9445cc2d04372644?s=96&d=mm&r=g","height":96,"width":96}},"publisher":{"@type":"Organization","name":"vitrageart.cz","logo":{"@type":"ImageObject","@id":"\/logo.png","url":"\/logo.png","width":600,"height":60}},"url":"https:\/\/www.vitrageart.cz\/stal-se-z-vas-hrdy-tatinek\/","wordCount":208,"articleBody":" Narodila se v\u00e1m kr\u00e1sn\u00e1 hol\u010di\u010dka? K jej\u00ed kr\u00e1se bude pat\u0159it i kr\u00e1sn\u00fd d\u00e1rek, a vy jako jej\u00ed tat\u00ednek budete pro dcerku t\u00edm prvn\u00edm mu\u017eem, kter\u00fd j\u00ed obdaruje. Vhodn\u00fdm d\u00e1rkem jsou d\u011btsk\u00e9 n\u00e1u\u0161nice, kter\u00e9 hol\u010di\u010dk\u00e1m moc slu\u0161\u00ed a potvrzuj\u00ed jejich kr\u00e1su a \u017eenskost u\u017e odmalinka. Rovnou m\u016f\u017eete kr\u00e1sn\u00fdm \u0161perkem obdarovat i jej\u00ed maminku a pod\u011bkovat j\u00ed za tak \u00fa\u017easn\u00fd a kr\u00e1sn\u00fd dar, kter\u00fd v\u00e1m p\u0159ivedla na sv\u011bt. \u0160t\u011bst\u00ed, kter\u00e9 si zaslou\u017e\u00ed d\u00e1rek V \u017eivot\u011b je mnoho \u0161\u0165astn\u00fdch dn\u016f, kter\u00e9 n\u00e1m zp\u016fsob\u00ed radost a slzy \u0161t\u011bst\u00ed. Ale t\u00edm nej\u0161\u0165astn\u011bj\u0161\u00edm je narozen\u00ed d\u00edt\u011bte. A jak\u00e1 to je teprve radost, kdy\u017e se v\u00e1m narod\u00ed kr\u00e1sn\u00e1 a zdrav\u00e1 hol\u010di\u010dka. Tat\u00ednkov\u00e9 maj\u00ed okam\u017eit\u011b pocit, \u017ee j\u00ed mus\u00ed chr\u00e1nit. Tak k\u0159ehk\u00fd uzl\u00ed\u010dek \u0161t\u011bst\u00ed je vhodn\u00e9 okam\u017eit\u011b obdarovat a tat\u00ednek by m\u011bl dce\u0159i koupit d\u011btsk\u00e9 n\u00e1u\u0161nice. Zlat\u00e9 nebo st\u0159\u00edbrn\u00e9 i s barevn\u00fdm kam\u00ednkem, kter\u00e9 budou nav\u017edy p\u0159ipom\u00ednat tento okam\u017eik.                                                                                                                                                                                                                                                                                                                                                                                        4\/5 - (4 votes)        "},{"@context":"https:\/\/schema.org\/","@type":"BreadcrumbList","itemListElement":[{"@type":"ListItem","position":1,"name":"Stal se z v\u00e1s hrd\u00fd tat\u00ednek?","item":"https:\/\/www.vitrageart.cz\/stal-se-z-vas-hrdy-tatinek\/#breadcrumbitem"}]}]