[{"@context":"https:\/\/schema.org\/","@type":"Article","@id":"https:\/\/www.vitrageart.cz\/co-vam-prinese-uklid-bytovych-domu-uklidovou-firmou\/#Article","mainEntityOfPage":"https:\/\/www.vitrageart.cz\/co-vam-prinese-uklid-bytovych-domu-uklidovou-firmou\/","headline":"Co v\u00e1m p\u0159inese \u00faklid bytov\u00fdch dom\u016f \u00faklidovou firmou","name":"Co v\u00e1m p\u0159inese \u00faklid bytov\u00fdch dom\u016f \u00faklidovou firmou","description":"Dohodli jste se na tom, nebo se alespo\u0148 chcete dohodnout na domovn\u00ed sch\u016fzi SVJ, \u017ee p\u0159enech\u00e1te \u00faklid spole\u010dn\u00fdch prostor va\u0161eho domu profesion\u00e1ln\u00ed \u00faklidov\u00e9 firm\u011b? Co vlastn\u011b obn\u00e1\u0161\u00ed \u00faklid bytov\u00fdch dom\u016f t\u00edmto zp\u016fsobem a jak\u00e9 z toho plynou v\u00fdhody? M\u016f\u017eete se z bytu vzd\u00e1lit na del\u0161\u00ed \u010das \u2013 p\u0159edstavte si, \u017ee va\u0161e sousedka kontroluje, zda jste vyt\u0159el schodi\u0161t\u011b na chodb\u011b v dob\u011b, kdy m\u00e1te dle rozpisu slu\u017ebu na \u00faklid. Jestli\u017ee zrovna mus\u00edte vycestovat na slu\u017eebn\u00ed cestu a nem\u00e1te \u010das ani pomy\u0161len\u00ed na n\u011bjak\u00fd \u00faklid chodby, po va\u0161em n\u00e1vratu si na v\u00e1s m\u016f\u017ee sousedka vyl\u00edt zlost, \u017ee za v\u00e1s nebude ukl\u00edzet, a \u017ee jste si m\u011bl zajistit slu\u017ebu na \u00faklid nam\u00edsto v\u00e1s (i kdy\u017e bydl\u00edte v byt\u011b s\u00e1m). Dohady mezi sousedy, zda n\u011bkdo uklidil nebo neuklidil, a pro\u010d, jsou stresuj\u00edc\u00ed a rozhodn\u011b nep\u0159isp\u00edvaj\u00ed k pohod\u011b uvnit\u0159 domu. \u00daklid spole\u010dn\u00fdch prostor je v &hellip; <a href=\"https:\/\/www.vitrageart.cz\/co-vam-prinese-uklid-bytovych-domu-uklidovou-firmou\/\">Continue reading <span class=\"meta-nav\">&raquo;<\/span><\/a>","datePublished":"2025-02-11","dateModified":"2025-02-11","author":{"@type":"Person","@id":"https:\/\/www.vitrageart.cz\/author\/#Person","name":"","url":"https:\/\/www.vitrageart.cz\/author\/","identifier":1,"image":{"@type":"ImageObject","@id":"https:\/\/secure.gravatar.com\/avatar\/c192bfd1262e8256fe3eac43754b6ece89624ea6667e488d9445cc2d04372644?s=96&d=mm&r=g","url":"https:\/\/secure.gravatar.com\/avatar\/c192bfd1262e8256fe3eac43754b6ece89624ea6667e488d9445cc2d04372644?s=96&d=mm&r=g","height":96,"width":96}},"publisher":{"@type":"Organization","name":"vitrageart.cz","logo":{"@type":"ImageObject","@id":"\/logo.png","url":"\/logo.png","width":600,"height":60}},"image":{"@type":"ImageObject","@id":"https:\/\/www.vitrageart.cz\/wp-content\/uploads\/russelsheim-2122678_640_9.jpg","url":"https:\/\/www.vitrageart.cz\/wp-content\/uploads\/russelsheim-2122678_640_9.jpg","height":0,"width":0},"url":"https:\/\/www.vitrageart.cz\/co-vam-prinese-uklid-bytovych-domu-uklidovou-firmou\/","about":["Slu\u017eby"],"wordCount":416,"articleBody":"      Dohodli jste se na tom, nebo se alespo\u0148 chcete dohodnout na domovn\u00ed sch\u016fzi SVJ, \u017ee p\u0159enech\u00e1te \u00faklid spole\u010dn\u00fdch prostor va\u0161eho domu profesion\u00e1ln\u00ed \u00faklidov\u00e9 firm\u011b? Co vlastn\u011b obn\u00e1\u0161\u00ed \u00faklid bytov\u00fdch dom\u016f t\u00edmto zp\u016fsobem a jak\u00e9 z toho plynou v\u00fdhody?M\u016f\u017eete se z bytu vzd\u00e1lit na del\u0161\u00ed \u010das \u2013 p\u0159edstavte si, \u017ee va\u0161e sousedka kontroluje, zda jste vyt\u0159el schodi\u0161t\u011b na chodb\u011b v dob\u011b, kdy m\u00e1te dle rozpisu slu\u017ebu na \u00faklid. Jestli\u017ee zrovna mus\u00edte vycestovat na slu\u017eebn\u00ed cestu a nem\u00e1te \u010das ani pomy\u0161len\u00ed na n\u011bjak\u00fd \u00faklid chodby, po va\u0161em n\u00e1vratu si na v\u00e1s m\u016f\u017ee sousedka vyl\u00edt zlost, \u017ee za v\u00e1s nebude ukl\u00edzet, a \u017ee jste si m\u011bl zajistit slu\u017ebu na \u00faklid nam\u00edsto v\u00e1s (i kdy\u017e bydl\u00edte v byt\u011b s\u00e1m). Dohady mezi sousedy, zda n\u011bkdo uklidil nebo neuklidil, a pro\u010d, jsou stresuj\u00edc\u00ed a rozhodn\u011b nep\u0159isp\u00edvaj\u00ed k pohod\u011b uvnit\u0159 domu. \u00daklid spole\u010dn\u00fdch prostor je v podstat\u011b snad jedinou, nebo jen jednou z m\u00e1la ud\u00e1lost\u00ed, kter\u00e9 mohou vytv\u00e1\u0159et rozep\u0159e v mezilidsk\u00fdch vztaz\u00edch v dom\u011b. A m\u00e1te klid \u2013 jakmile se \u00faklidov\u00e1 firma chop\u00ed \u00faklidu, ve\u0161ker\u00e9 b\u0159\u00edm\u011b odpov\u011bdnosti za tuto pr\u00e1ci padne na ni a vy m\u00e1te kone\u010dn\u011b klid. Nikdo v\u00e1s nebude kontrolovat, kam jdete, na jak dlouho, kdy se vr\u00e1t\u00edte, a zda vyt\u0159ete schodi\u0161t\u011b po va\u0161em n\u00e1vratu. Odpadne d\u016fvod zasahovat do va\u0161eho soukrom\u00ed a r\u00e1zem se v dom\u011b zm\u011bn\u00ed atmosf\u00e9ra a vztahy mezi obyvateli.Podpora anonymity \u2013 jestli\u017ee za v\u00e1s ukl\u00edz\u00ed n\u011bkdo jin\u00fd a nikdo z vedlej\u0161\u00edch byt\u016f nem\u00e1 d\u016fvod se s v\u00e1mi kv\u016fli \u00faklidu kontaktovat, a jestli\u017ee ve\u0161ker\u00e9 dotazy ohledn\u011b technick\u00e9ho stavu objektu pak sm\u011b\u0159uj\u00ed ke spr\u00e1vci SVJ \u010di k domovn\u00edm sch\u016fz\u00edm, lid\u00e9 v dom\u011b se tu mohou st\u00fdkat pouze v t\u011bchto situac\u00edch a ty nast\u00e1vaj\u00ed velmi v\u00fdjime\u010dn\u011b, zvl\u00e1\u0161t\u011b pokud je objekt ji\u017e revitalizovan\u00fd a v dobr\u00e9m technick\u00e9m stavu a nen\u00ed tedy d\u016fvod k n\u011bjak\u00e9mu \u0159e\u0161en\u00ed technick\u00fdch probl\u00e9m\u016f. V bytov\u00e9m dom\u011b pak nast\u00e1v\u00e1 v\u011bt\u0161\u00ed anonymita a chcete-li tu m\u00edt hlavn\u011b v\u00edce soukrom\u00ed, pak jej m\u00edt budete.                                                                                                                                                                                                                                                                                                                                                                                          4.5\/5 - (4 votes)        "},{"@context":"https:\/\/schema.org\/","@type":"BreadcrumbList","itemListElement":[{"@type":"ListItem","position":1,"name":"Co v\u00e1m p\u0159inese \u00faklid bytov\u00fdch dom\u016f \u00faklidovou firmou","item":"https:\/\/www.vitrageart.cz\/co-vam-prinese-uklid-bytovych-domu-uklidovou-firmou\/#breadcrumbitem"}]}]